{"id":19382,"date":"2020-05-14T10:57:10","date_gmt":"2020-05-14T10:57:10","guid":{"rendered":"https:\/\/adg.it\/?p=19382"},"modified":"2025-11-18T09:21:50","modified_gmt":"2025-11-18T09:21:50","slug":"atelier-daquarelle","status":"publish","type":"post","link":"https:\/\/adg.it\/fr\/atelier-daquarelle\/","title":{"rendered":"Atelier d&rsquo;aquarelle"},"content":{"rendered":"<p>[spb_column width=\u00a0\u00bb2\/3&Prime; el_position=\u00a0\u00bbfirst\u00a0\u00bb] [spb_text_block title=\u00a0\u00bbFlorence et ses tons clairs\u00a0\u00bb pb_margin_bottom=\u00a0\u00bbno\u00a0\u00bb pb_border_bottom=\u00a0\u00bbno\u00a0\u00bb width=\u00a0\u00bb1\/1&Prime; el_position=\u00a0\u00bbfirst last\u00a0\u00bb]\n<p>Une immersion totale dans les couleurs douces et d\u00e9licates des b\u00e2timents florentins, une \u00e9tude des tons de lumi\u00e8re le long de la rivi\u00e8re Arno et de ses ponts historiques.<\/p>\n<blockquote class=\"blockquote2\">Cet atelier s\u2019adresse non seulement aux \u00e9tudiants <strong>d\u00e9butants,<\/strong> mais aussi \u00e0 ceux qui ont d\u00e9j\u00e0 de l&rsquo;<strong>exp\u00e9rience<\/strong> et qui sont d\u00e9termin\u00e9s \u00e0 am\u00e9liorer et \u00e0 enrichir leur portfolio.<\/blockquote>\n<p>Les cours auront lieu tant dans notre <strong>atelier<\/strong> qu&rsquo;\u00e0 <strong>l\u2019ext\u00e9rieur<\/strong> et ils viseront \u00e0 enseigner les secrets et les astuces de la peinture \u00e0 l\u2019aquarelle, en aidant chaque \u00e9l\u00e8ve \u00e0 am\u00e9liorer sa cr\u00e9ativit\u00e9 et ses comp\u00e9tences aussi \u00e0 travers l&#8217;emploi de plusieurs types de papier (\u00e0 savoir: papier sec, papier humide, et papier \u00e9ponge).<\/p>\n<p>Au cours de cet atelier, les \u00e9l\u00e8ves peuvent \u00e9galement apprendre ou am\u00e9liorer la technique <strong>de la gouache.<\/strong><\/p>\n<p>Les cours ont lieu en <strong><span class=\"color-10\">anglais<\/span><\/strong> ou en italien.<\/p>\n[\/spb_text_block] [sf_gallery gallery_id=\u00a0\u00bb6322&Prime; slider_transition=\u00a0\u00bbslide\u00a0\u00bb show_thumbs=\u00a0\u00bbyes\u00a0\u00bb autoplay=\u00a0\u00bbyes\u00a0\u00bb show_captions=\u00a0\u00bbyes\u00a0\u00bb enable_lightbox=\u00a0\u00bbyes\u00a0\u00bb width=\u00a0\u00bb1\/1&Prime; el_position=\u00a0\u00bbfirst last\u00a0\u00bb] [boxed_content type=\u00a0\u00bbcoloured\u00a0\u00bb pb_margin_bottom=\u00a0\u00bbno\u00a0\u00bb width=\u00a0\u00bb1\/1&Prime; el_position=\u00a0\u00bbfirst last\u00a0\u00bb]\n<p>Prix et d\u00e9tails<\/p>\n[\/boxed_content] [spb_accordion width=\u00a0\u00bb1\/1&Prime; el_position=\u00a0\u00bbfirst last\u00a0\u00bb] [spb_accordion_tab title=\u00a0\u00bbPrix\u00a0\u00bb accordion_id=\u00a0\u00bb\u00a0\u00bb icon=\u00a0\u00bb\u00a0\u00bb] [spb_text_block pb_margin_bottom=\u00a0\u00bbno\u00a0\u00bb pb_border_bottom=\u00a0\u00bbno\u00a0\u00bb width=\u00a0\u00bb1\/1&Prime; el_position=\u00a0\u00bbfirst last\u00a0\u00bb]\n<p>1 semaine, 30 heures, 750 euros<br \/>\n2 semaines, 60 heures, 1350 euros<br \/>\n3 semaines, 90 heures, 1950 euros<br \/>\n4 semaines, 120 heures, 2585 euros<\/p>\n[\/spb_text_block] [\/spb_accordion_tab] [spb_accordion_tab title=\u00a0\u00bbLe prix du cours comprend\u00a0\u00bb accordion_id=\u00a0\u00bb\u00a0\u00bb icon=\u00a0\u00bb\u00a0\u00bb] [spb_text_block pb_margin_bottom=\u00a0\u00bbno\u00a0\u00bb pb_border_bottom=\u00a0\u00bbno\u00a0\u00bb width=\u00a0\u00bb1\/1&Prime; el_position=\u00a0\u00bbfirst last\u00a0\u00bb]\n<ul>\n<li>L\u2019utilisation de tous les mat\u00e9riaux et outils n\u00e9cessaires;<\/li>\n<li>un certificat de fr\u00e9quence \u00e0 la fin du s\u00e9minaire.<\/li>\n<\/ul>\n[\/spb_text_block] [\/spb_accordion_tab] [spb_accordion_tab title=\u00a0\u00bbDates et emploi du temps\u00a0\u00bb accordion_id=\u00a0\u00bb\u00a0\u00bb icon=\u00a0\u00bb\u00a0\u00bb] [spb_text_block pb_margin_bottom=\u00a0\u00bbno\u00a0\u00bb pb_border_bottom=\u00a0\u00bbno\u00a0\u00bb width=\u00a0\u00bb1\/1&Prime; el_position=\u00a0\u00bbfirst last\u00a0\u00bb]\n<p>Ce stage est disponible <strong>chaque semaine du lundi au vendredi<\/strong> pendant toute l\u2019ann\u00e9e.<\/p>\n<p>Emploi du temps: <strong>10h-13h du lundi au vendredi et 13h30-17h du lundi au jeudi.<\/strong><\/p>\n<p>Si vous voulez prendre toutes vos le\u00e7ons<em> en plein air<\/em>, suivez SVP les dates du s\u00e9minaire: <a href=\"https:\/\/adg.it\/fr\/peinture-en-plein-air-a-florence\/\" target=\"_blank\" rel=\"noopener\">En plein air \u00e0 Florence et peinture de paysage<\/a>.<\/p>\n[\/spb_text_block] [\/spb_accordion_tab] [\/spb_accordion] [\/spb_column] [spb_column width=\u00a0\u00bb1\/3&Prime; el_position=\u00a0\u00bblast\u00a0\u00bb] [spb_single_image image=\u00a0\u00bb27404&Prime; image_size=\u00a0\u00bbfull\u00a0\u00bb frame=\u00a0\u00bbnoframe\u00a0\u00bb intro_animation=\u00a0\u00bbnone\u00a0\u00bb full_width=\u00a0\u00bbno\u00a0\u00bb lightbox=\u00a0\u00bbyes\u00a0\u00bb link_target=\u00a0\u00bb_self\u00a0\u00bb width=\u00a0\u00bb1\/1&Prime; el_position=\u00a0\u00bbfirst last\u00a0\u00bb] [spb_single_image image=\u00a0\u00bb13498&Prime; image_size=\u00a0\u00bbfull\u00a0\u00bb frame=\u00a0\u00bbnoframe\u00a0\u00bb intro_animation=\u00a0\u00bbnone\u00a0\u00bb full_width=\u00a0\u00bbno\u00a0\u00bb lightbox=\u00a0\u00bbno\u00a0\u00bb image_link=\u00a0\u00bbhttps:\/\/adg.it\/en\/product\/watercolour-workshop\/\u00a0\u00bb link_target=\u00a0\u00bb_blank\u00a0\u00bb width=\u00a0\u00bb1\/1&Prime; el_position=\u00a0\u00bbfirst last\u00a0\u00bb] [spb_text_block title=\u00a0\u00bbContactez-nous\u00a0\u00bb pb_margin_bottom=\u00a0\u00bbno\u00a0\u00bb pb_border_bottom=\u00a0\u00bbno\u00a0\u00bb width=\u00a0\u00bb1\/1&Prime; el_position=\u00a0\u00bbfirst last\u00a0\u00bb]\n<div class=\"wpforms-container wpforms-container-full\" id=\"wpforms-18575\"><form id=\"wpforms-form-18575\" class=\"wpforms-validate wpforms-form wpforms-ajax-form\" data-formid=\"18575\" method=\"post\" enctype=\"multipart\/form-data\" action=\"\/fr\/wp-json\/wp\/v2\/posts\/19382\" data-token=\"c90b23690a7a862a3f5e2bf92b4eeaf9\" data-token-time=\"1777463315\"><noscript class=\"wpforms-error-noscript\">Veuillez activer JavaScript dans votre navigateur pour remplir ce formulaire.<\/noscript><div class=\"wpforms-field-container\"><div id=\"wpforms-18575-field_6-container\" class=\"wpforms-field wpforms-field-name\" data-field-id=\"6\"><label class=\"wpforms-field-label\">Nom <span class=\"wpforms-required-label\">*<\/span><\/label><div class=\"wpforms-field-row wpforms-field-large\"><div class=\"wpforms-field-row-block wpforms-first wpforms-one-half\"><input type=\"text\" id=\"wpforms-18575-field_6\" class=\"wpforms-field-name-first wpforms-field-required\" name=\"wpforms[fields][6][first]\" placeholder=\"Votre pr\u00e9nom\" required><label for=\"wpforms-18575-field_6\" class=\"wpforms-field-sublabel after\">First<\/label><\/div><div class=\"wpforms-field-row-block wpforms-one-half\"><input type=\"text\" id=\"wpforms-18575-field_6-last\" class=\"wpforms-field-name-last wpforms-field-required\" name=\"wpforms[fields][6][last]\" placeholder=\"Votre nom\" required><label for=\"wpforms-18575-field_6-last\" class=\"wpforms-field-sublabel after\">Last<\/label><\/div><\/div><\/div><div id=\"wpforms-18575-field_1-container\" class=\"wpforms-field wpforms-field-email\" data-field-id=\"1\"><label class=\"wpforms-field-label\" for=\"wpforms-18575-field_1\">Courrier \u00e9lectronique <span class=\"wpforms-required-label\">*<\/span><\/label><input type=\"email\" id=\"wpforms-18575-field_1\" class=\"wpforms-field-large wpforms-field-required\" name=\"wpforms[fields][1]\" placeholder=\"Votre adresse \u00e9lectronique\" spellcheck=\"false\" required><\/div><div id=\"wpforms-18575-field_2-container\" class=\"wpforms-field wpforms-field-textarea\" data-field-id=\"2\"><label class=\"wpforms-field-label\" for=\"wpforms-18575-field_2\">Message <span class=\"wpforms-required-label\">*<\/span><\/label><textarea id=\"wpforms-18575-field_2\" class=\"wpforms-field-medium wpforms-field-required\" name=\"wpforms[fields][2]\" placeholder=\"\u00c9crivez ici votre message\" required><\/textarea><\/div><\/div><!-- .wpforms-field-container --><div class=\"wpforms-field wpforms-field-hp\"><label for=\"wpforms-18575-field-hp\" class=\"wpforms-field-label\">Name<\/label><input type=\"text\" name=\"wpforms[hp]\" id=\"wpforms-18575-field-hp\" class=\"wpforms-field-medium\"><\/div><div class=\"wpforms-submit-container\" ><input type=\"hidden\" name=\"wpforms[id]\" value=\"18575\"><input type=\"hidden\" name=\"page_title\" value=\"\"><input type=\"hidden\" name=\"page_url\" value=\"https:\/\/adg.it\/fr\/wp-json\/wp\/v2\/posts\/19382\"><input type=\"hidden\" name=\"url_referer\" value=\"\"><button type=\"submit\" name=\"wpforms[submit]\" id=\"wpforms-submit-18575\" class=\"wpforms-submit\" data-alt-text=\"Envoyer\" data-submit-text=\"Envoyer\" aria-live=\"assertive\" value=\"wpforms-submit\">Envoyer<\/button><img loading=\"lazy\" decoding=\"async\" src=\"https:\/\/adg.it\/wp-content\/plugins\/wpforms\/assets\/images\/submit-spin.svg\" class=\"wpforms-submit-spinner\" style=\"display: none;\" width=\"26\" height=\"26\" alt=\"Chargement en cours\"><\/div><\/form><\/div>  <!-- .wpforms-container -->\n[\/spb_text_block] [\/spb_column]<\/p>\n","protected":false},"excerpt":{"rendered":"<p>[spb_column width=\u00a0\u00bb2\/3&Prime; el_position=\u00a0\u00bbfirst\u00a0\u00bb] [spb_text_block title=\u00a0\u00bbFlorence et ses tons clairs\u00a0\u00bb pb_margin_bottom=\u00a0\u00bbno\u00a0\u00bb pb_border_bottom=\u00a0\u00bbno\u00a0\u00bb width=\u00a0\u00bb1\/1&Prime; el_position=\u00a0\u00bbfirst last\u00a0\u00bb] Une immersion totale dans les couleurs douces et d\u00e9licates des b\u00e2timents florentins, une \u00e9tude des tons de lumi\u00e8re le long de la rivi\u00e8re Arno et de ses ponts historiques. Les cours auront lieu tant dans notre atelier qu&rsquo;\u00e0 l\u2019ext\u00e9rieur et ils viseront \u00e0 enseigner les secrets [&hellip;]<\/p>\n","protected":false},"author":27,"featured_media":7277,"comment_status":"closed","ping_status":"open","sticky":false,"template":"","format":"aside","meta":{"_joinchat":[],"footnotes":""},"categories":[296],"tags":[],"class_list":["post-19382","post","type-post","status-publish","format-aside","has-post-thumbnail","hentry","category-seminaires-de-beaux-arts","post_format-post-format-aside"],"aioseo_notices":[],"_links":{"self":[{"href":"https:\/\/adg.it\/fr\/wp-json\/wp\/v2\/posts\/19382","targetHints":{"allow":["GET"]}}],"collection":[{"href":"https:\/\/adg.it\/fr\/wp-json\/wp\/v2\/posts"}],"about":[{"href":"https:\/\/adg.it\/fr\/wp-json\/wp\/v2\/types\/post"}],"author":[{"embeddable":true,"href":"https:\/\/adg.it\/fr\/wp-json\/wp\/v2\/users\/27"}],"replies":[{"embeddable":true,"href":"https:\/\/adg.it\/fr\/wp-json\/wp\/v2\/comments?post=19382"}],"version-history":[{"count":3,"href":"https:\/\/adg.it\/fr\/wp-json\/wp\/v2\/posts\/19382\/revisions"}],"predecessor-version":[{"id":27413,"href":"https:\/\/adg.it\/fr\/wp-json\/wp\/v2\/posts\/19382\/revisions\/27413"}],"wp:featuredmedia":[{"embeddable":true,"href":"https:\/\/adg.it\/fr\/wp-json\/wp\/v2\/media\/7277"}],"wp:attachment":[{"href":"https:\/\/adg.it\/fr\/wp-json\/wp\/v2\/media?parent=19382"}],"wp:term":[{"taxonomy":"category","embeddable":true,"href":"https:\/\/adg.it\/fr\/wp-json\/wp\/v2\/categories?post=19382"},{"taxonomy":"post_tag","embeddable":true,"href":"https:\/\/adg.it\/fr\/wp-json\/wp\/v2\/tags?post=19382"}],"curies":[{"name":"wp","href":"https:\/\/api.w.org\/{rel}","templated":true}]}}